{"id":2010,"date":"2024-05-16T03:04:05","date_gmt":"2024-05-16T03:04:05","guid":{"rendered":"https:\/\/energiaadebate.com\/elecciones\/?p=2010"},"modified":"2024-05-16T03:05:16","modified_gmt":"2024-05-16T03:05:16","slug":"gas-natural-a-la-termoelectrica-de-tula-propone-xochitl-galvez","status":"publish","type":"post","link":"https:\/\/energiaadebate.com\/elecciones\/gas-natural-a-la-termoelectrica-de-tula-propone-xochitl-galvez\/","title":{"rendered":"Gas natural a la termoel\u00e9ctrica de Tula, propone X\u00f3chitl G\u00e1lvez"},"content":{"rendered":"\n<p>La candidata de oposici\u00f3n X\u00f3chitl G\u00e1lvez Ruiz propuso la reconversi\u00f3n a gas natural de la termoel\u00e9ctrica ubicada en el municipio de Tula, Hidalgo, con la finalidad de reducir la contaminaci\u00f3n de esta central el\u00e9ctrica y reiter\u00f3 su compromiso por retomar las subastas de energ\u00eda limpia, adem\u00e1s de continuar avanzando hacia la electromovilidad.<\/p>\n\n\n\n<blockquote class=\"wp-block-quote is-layout-flow wp-block-quote-is-layout-flow\">\n<p>\u201cHoy la Ciudad de M\u00e9xico est\u00e1 en contingencia ambiental. La se\u00f1ora [Claudia] Sheinbaum, cuando era oposici\u00f3n, dec\u00eda que le apostaba a Tl\u00e1loc\u201d, dijo la abanderada por la coalici\u00f3n \u201cFuerza y Coraz\u00f3n por M\u00e9xico\u201d.<\/p>\n<\/blockquote>\n\n\n\n<p>En un evento de la industria inmobiliaria, celebrado en la capital del pa\u00eds, G\u00e1lvez Ruiz critic\u00f3 las recientes declaratorias por contingencia ambiental en el Valle de M\u00e9xico de la \u00faltima semana por los altos \u00edndices de ozono y otros contaminantes en la atm\u00f3sfera de la regi\u00f3n.<\/p>\n\n\n\n<blockquote class=\"wp-block-quote is-layout-flow wp-block-quote-is-layout-flow\">\n<p>\u201cHoy le est\u00e1n apostando a Tl\u00e1loc para que se acabe la contingencia ambiental \u2013dijo la aspirante presidencial en relaci\u00f3n con las esperadas lluvias que dispersen los contaminantes\u2013. \u00bfY saben qu\u00e9 hay que hacer en la Ciudad de M\u00e9xico? Meter gas en la termoel\u00e9ctrica de Tula. As\u00ed de f\u00e1cil\u201d, afirm\u00f3.<\/p>\n<\/blockquote>\n\n\n\n<p>De acuerdo con estudios de organizaciones ambientalistas, la central termoel\u00e9ctrica de Tula, propiedad de la Comisi\u00f3n Federal de Electricidad CFE), es responsable de aproximadamente 33 por ciento de la contaminaci\u00f3n por part\u00edculas en el Valle de M\u00e9xico, al quemar principalmente combust\u00f3leo para generar energ\u00eda.<\/p>\n\n\n\n<p>Asimismo, ante los representantes de las empresas inmobiliarias, la candidata dijo que su gobierno continuar\u00e1 impulsando la electromovilidad.<\/p>\n\n\n\n<blockquote class=\"wp-block-quote is-layout-flow wp-block-quote-is-layout-flow\">\n<p>\u201cV\u00e1monos a los autos el\u00e9ctricos, m\u00e1s transporte el\u00e9ctrico. Les puedo decir que la Ciudad de M\u00e9xico se puede volver la regi\u00f3n m\u00e1s transparente, pero hay que tomar medidas en materia ambiental y las vamos a tomar\u201d, prometi\u00f3.<\/p>\n<\/blockquote>\n\n\n\n<p>Respecto a las subastas el\u00e9ctricas de largo plazo, canceladas por la actual administraci\u00f3n federal, G\u00e1lvez Ruiz prometi\u00f3 retomarlas, adem\u00e1s de impulsar una iniciativa para que se eleve de 0.5 a 10 megawatts (MW) la generaci\u00f3n el\u00e9ctrica exenta de permisos por parte de la Comisi\u00f3n Reguladora de Energ\u00eda (CRE).<\/p>\n\n\n\n<blockquote class=\"wp-block-quote is-layout-flow wp-block-quote-is-layout-flow\">\n<p>\u201cPara que no tengas que andarle pidiendo permisos a la CRE que, adem\u00e1s, se ha vuelto una corrupta\u201d, dijo G\u00e1lvez.<\/p>\n<\/blockquote>\n","protected":false},"excerpt":{"rendered":"<p>La candidata de oposici\u00f3n X\u00f3chitl G\u00e1lvez Ruiz propuso la reconversi\u00f3n a gas natural de la termoel\u00e9ctrica ubicada en el municipio de Tula, Hidalgo, con la finalidad de reducir la contaminaci\u00f3n de esta central el\u00e9ctrica y reiter\u00f3 su compromiso por retomar las subastas de energ\u00eda limpia, adem\u00e1s de continuar avanzando hacia la [&hellip;]<\/p>\n","protected":false},"author":2,"featured_media":2011,"comment_status":"open","ping_status":"open","sticky":false,"template":"","format":"standard","meta":{"footnotes":""},"categories":[35],"tags":[439],"class_list":["post-2010","post","type-post","status-publish","format-standard","has-post-thumbnail","hentry","category-xochitl-galvez","tag-termoelectrica-2"],"_links":{"self":[{"href":"https:\/\/energiaadebate.com\/elecciones\/wp-json\/wp\/v2\/posts\/2010","targetHints":{"allow":["GET"]}}],"collection":[{"href":"https:\/\/energiaadebate.com\/elecciones\/wp-json\/wp\/v2\/posts"}],"about":[{"href":"https:\/\/energiaadebate.com\/elecciones\/wp-json\/wp\/v2\/types\/post"}],"author":[{"embeddable":true,"href":"https:\/\/energiaadebate.com\/elecciones\/wp-json\/wp\/v2\/users\/2"}],"replies":[{"embeddable":true,"href":"https:\/\/energiaadebate.com\/elecciones\/wp-json\/wp\/v2\/comments?post=2010"}],"version-history":[{"count":2,"href":"https:\/\/energiaadebate.com\/elecciones\/wp-json\/wp\/v2\/posts\/2010\/revisions"}],"predecessor-version":[{"id":2014,"href":"https:\/\/energiaadebate.com\/elecciones\/wp-json\/wp\/v2\/posts\/2010\/revisions\/2014"}],"wp:featuredmedia":[{"embeddable":true,"href":"https:\/\/energiaadebate.com\/elecciones\/wp-json\/wp\/v2\/media\/2011"}],"wp:attachment":[{"href":"https:\/\/energiaadebate.com\/elecciones\/wp-json\/wp\/v2\/media?parent=2010"}],"wp:term":[{"taxonomy":"category","embeddable":true,"href":"https:\/\/energiaadebate.com\/elecciones\/wp-json\/wp\/v2\/categories?post=2010"},{"taxonomy":"post_tag","embeddable":true,"href":"https:\/\/energiaadebate.com\/elecciones\/wp-json\/wp\/v2\/tags?post=2010"}],"curies":[{"name":"wp","href":"https:\/\/api.w.org\/{rel}","templated":true}]}}